[{"@context":"https:\/\/schema.org\/","@type":"Article","@id":"https:\/\/www.aurielle.cz\/chcete-byt-sami\/#Article","mainEntityOfPage":"https:\/\/www.aurielle.cz\/chcete-byt-sami\/","headline":"Chcete b\u00fdt sami?","name":"Chcete b\u00fdt sami?","description":"Ji\u017e m\u00e1te za sebou obdob\u00ed, kdy jste m\u011bli chu\u0165 ka\u017ed\u00fd den pozn\u00e1vat nov\u00e9 lidi, nevadilo V\u00e1m m\u00e9n\u011b soukrom\u00ed, hlavn\u011b kdy\u017e byl dostatek z\u00e1bavy? Ano, nejste v tom sami. Jak se \u0159\u00edk\u00e1, v nejlep\u0161\u00edm p\u0159estat, uchov\u00e1te si \u0159adu vzpom\u00ednek na p\u011bkn\u00e9 z\u00e1\u017eitky, nen\u00ed v\u0161ak nutno v nich pokra\u010dovat. Ji\u017e tedy nevyhled\u00e1v\u00e1te spole\u010dn\u00e9 ubytov\u00e1n\u00ed, kdy bylo nejv\u011bt\u0161\u00edm [&hellip;]","datePublished":"2025-04-27","dateModified":"2025-04-27","author":{"@type":"Person","@id":"https:\/\/www.aurielle.cz\/author\/#Person","name":"","url":"https:\/\/www.aurielle.cz\/author\/","identifier":1,"image":{"@type":"ImageObject","@id":"https:\/\/secure.gravatar.com\/avatar\/091b4d684e9af597ec9885a078917281e353fb1084ff05c94355123dbb14e899?s=96&d=mm&r=g","url":"https:\/\/secure.gravatar.com\/avatar\/091b4d684e9af597ec9885a078917281e353fb1084ff05c94355123dbb14e899?s=96&d=mm&r=g","height":96,"width":96}},"publisher":{"@type":"Organization","name":"aurielle.cz","logo":{"@type":"ImageObject","@id":"\/logo.png","url":"\/logo.png","width":600,"height":60}},"url":"https:\/\/www.aurielle.cz\/chcete-byt-sami\/","wordCount":179,"articleBody":"Ji\u017e m\u00e1te za sebou obdob\u00ed, kdy jste m\u011bli chu\u0165 ka\u017ed\u00fd den pozn\u00e1vat nov\u00e9 lidi, nevadilo V\u00e1m m\u00e9n\u011b soukrom\u00ed, hlavn\u011b kdy\u017e byl dostatek z\u00e1bavy? Ano, nejste v tom sami. Jak se \u0159\u00edk\u00e1, v nejlep\u0161\u00edm p\u0159estat, uchov\u00e1te si \u0159adu vzpom\u00ednek na p\u011bkn\u00e9 z\u00e1\u017eitky, nen\u00ed v\u0161ak nutno v nich pokra\u010dovat. Ji\u017e tedy nevyhled\u00e1v\u00e1te spole\u010dn\u00e9 ubytov\u00e1n\u00ed, kdy bylo nejv\u011bt\u0161\u00edm dobrodru\u017estv\u00edm o\u010dek\u00e1v\u00e1n\u00ed, jak\u00fd bude V\u00e1\u0161 spolubydl\u00edc\u00ed. Chaty a chalupy k pronajmut\u00ed jsou navzdory v\u011bt\u0161\u00edmu po\u010dtu l\u016f\u017eek proto mo\u017en\u00e9 rezervovat jen pro svou rodinu a p\u0159\u00e1tele, soukrom\u00ed je naprosto samoz\u0159ejm\u00e9. U n\u00e1s to lze bez probl\u00e9m\u016f Pokud si budete p\u0159\u00e1t chaty a chalupy k pronajmut\u00ed skute\u010dn\u011b a doslova jen a jen pro sebe, m\u016f\u017eete tak u\u010dinit. Pokud budete m\u00edt z\u00e1jem, m\u016f\u017eete si u n\u00e1s objednat p\u0159\u00edpravu dom\u00e1c\u00ed kuchyn\u011b, budete tedy v kontaktu s na\u0161imi spolehliv\u00fdmi zam\u011bstnanci.                                                                                                                                                                                                                                                                                                                                                                                                "},{"@context":"https:\/\/schema.org\/","@type":"BreadcrumbList","itemListElement":[{"@type":"ListItem","position":1,"name":"Chcete b\u00fdt sami?","item":"https:\/\/www.aurielle.cz\/chcete-byt-sami\/#breadcrumbitem"}]}]