[{"@context":"https:\/\/schema.org\/","@type":"Article","@id":"https:\/\/www.aurielle.cz\/kdyz-muz-nevoni\/#Article","mainEntityOfPage":"https:\/\/www.aurielle.cz\/kdyz-muz-nevoni\/","headline":"Kdy\u017e mu\u017e nevon\u00ed","name":"Kdy\u017e mu\u017e nevon\u00ed","description":"Je to choulostiv\u00e9 t\u00e9ma, o kter\u00e9m se p\u0159\u00edli\u0161 nemluv\u00ed, p\u0159esto v\u0161ak d\u016fle\u017eit\u011bj\u0161\u00ed v\u00edce, ne\u017e si mysl\u00edme. Ne\u017e si tedy mysl\u00ed ti, kter\u00fdch se net\u00fdk\u00e1. Kdy\u017e V\u00e1m toti\u017e nevon\u00ed partner nebo kolega v pr\u00e1ci, m\u016f\u017ee to b\u00fdt docela probl\u00e9m. Jinak velmi mil\u00fd a p\u0159\u00edjemn\u00fd spole\u010dn\u00edk, skv\u011bl\u00fd kamar\u00e1d a ve sv\u00e9 pr\u00e1ci odborn\u00edk m\u00e1 jen jednu jedinou [&hellip;]","datePublished":"2025-02-27","dateModified":"2023-04-30","author":{"@type":"Person","@id":"https:\/\/www.aurielle.cz\/author\/#Person","name":"","url":"https:\/\/www.aurielle.cz\/author\/","identifier":1,"image":{"@type":"ImageObject","@id":"https:\/\/secure.gravatar.com\/avatar\/091b4d684e9af597ec9885a078917281e353fb1084ff05c94355123dbb14e899?s=96&d=mm&r=g","url":"https:\/\/secure.gravatar.com\/avatar\/091b4d684e9af597ec9885a078917281e353fb1084ff05c94355123dbb14e899?s=96&d=mm&r=g","height":96,"width":96}},"publisher":{"@type":"Organization","name":"aurielle.cz","logo":{"@type":"ImageObject","@id":"\/logo.png","url":"\/logo.png","width":600,"height":60}},"image":{"@type":"ImageObject","@id":"https:\/\/www.aurielle.cz\/wp-content\/uploads\/img_a288889_w2045_t1500195893.jpg","url":"https:\/\/www.aurielle.cz\/wp-content\/uploads\/img_a288889_w2045_t1500195893.jpg","height":0,"width":0},"url":"https:\/\/www.aurielle.cz\/kdyz-muz-nevoni\/","wordCount":448,"articleBody":"Je to choulostiv\u00e9 t\u00e9ma, o kter\u00e9m se p\u0159\u00edli\u0161 nemluv\u00ed, p\u0159esto v\u0161ak d\u016fle\u017eit\u011bj\u0161\u00ed v\u00edce, ne\u017e si mysl\u00edme. Ne\u017e si tedy mysl\u00ed ti, kter\u00fdch se net\u00fdk\u00e1. Kdy\u017e V\u00e1m toti\u017e nevon\u00ed partner nebo kolega v pr\u00e1ci, m\u016f\u017ee to b\u00fdt docela probl\u00e9m. Jinak velmi mil\u00fd a p\u0159\u00edjemn\u00fd spole\u010dn\u00edk, skv\u011bl\u00fd kamar\u00e1d a ve sv\u00e9 pr\u00e1ci odborn\u00edk m\u00e1 jen jednu jedinou vadu: je tak nep\u0159\u00edjemn\u011b c\u00edtit, \u017ee pobyt v jeho p\u0159\u00edtomnosti se pro V\u00e1s st\u00e1v\u00e1 utrpen\u00edm.\u00a0JAK S N\u00cdM \u017d\u00cdTCo si po\u010d\u00edt s mu\u017eem, kter\u00fd V\u00e1m nevon\u00ed? Chemie je p\u0159ece d\u016fle\u017eit\u00e1, a tak pokud chlap se svou hygienou n\u011bco neud\u011bl\u00e1, \u010dasto doch\u00e1z\u00ed k rozchod\u016fm. Jen\u017ee ne v\u017edy za to m\u016f\u017ee hygiena. N\u011bkdy jde pouze o v\u00edce agresivn\u00ed pot, za kter\u00fd doty\u010dn\u00fd opravdu nem\u016f\u017ee. A \u010dasto nepomohou ani deodoranty a antiperspiranty. A aby to bylo je\u0161t\u011b slo\u017eit\u011bj\u0161\u00ed, mu\u017e sv\u016fj pach vn\u00edm\u00e1 \u00fapln\u011b jinak a nech\u00e1pe, pro\u010d V\u00e1m vad\u00ed n\u011bco, co jemu v\u016fbec ne. Na druh\u00e9 stran\u011b je zaj\u00edmav\u00e9, pro\u010d n\u011bkter\u00fdm \u017een\u00e1m von\u00ed i zpocen\u00fd chlap. \u017de by p\u0159\u00edroda d\u00e1vala najevo, aby \u017eeny s partnerem, jen\u017e jim nevon\u00ed, nem\u011bly d\u011bti?\u00a0JAK TO \u0158E\u0160IT V PR\u00c1CIV\u00fdrazn\u00fd t\u011blesn\u00fd z\u00e1pach m\u016f\u017ee spolupracovn\u00edk\u016fm vadit a\u017e tak, \u017ee nemohou pracovat. \u0158e\u0161en\u00ed neb\u00fdv\u00e1 o nic m\u00e9n\u011b jednodu\u0161\u0161\u00ed ne\u017e v partnertsk\u00fdch vztaz\u00edch. Zvl\u00e1\u0161t\u011b, pokud nen\u00e1padn\u00e9 nazna\u010dov\u00e1n\u00ed ani otev\u0159en\u00fd n\u00e1tlak koleg\u016f nem\u00e1 \u017e\u00e1dn\u00fd \u00fasp\u011bch. M\u016f\u017ee to dokonce skon\u010dit i odchodem jinak skv\u011bl\u00e9ho pracovn\u00edka z firmy, nebo\u0165 ten sice nec\u00edt\u00ed s\u00e1m sebe, ale za\u010dne se c\u00edtit vylou\u010den\u00fd z kolektivu. \u00dapln\u011b nejhor\u0161\u00ed je, kdy\u017e na probl\u00e9m za\u010dnou poukazovat i klienti, z\u00e1kazn\u00edci nebo obchodn\u00ed partne\u0159i. Jen m\u00e1lokdy se poda\u0159\u00ed nevon\u00edc\u00edho mu\u017ee p\u0159esv\u011bd\u010dit, aby se sv\u011b\u0159il do odborn\u00e9 p\u00e9\u010de kosmetika.\u00a0JAK\u00c9 MOHOU B\u00ddT P\u0158\u00cd\u010cINYNaprost\u00e1 v\u011bt\u0161ina mu\u017e\u016f, i kdy\u017e se tv\u00e1\u0159\u00ed, jako by nev\u011bd\u011bli o \u010dem je \u0159e\u010d, se tr\u00e1p\u00ed. Mo\u017en\u00e1 nev\u00ed, \u017ee by se m\u011bli obr\u00e1tit na l\u00e9ka\u0159e, proto\u017ee za p\u0159\u00ed\u010dinou zvl\u00e1\u0161tn\u00edho pachu jejich t\u011bla se m\u016f\u017ee skr\u00fdvat:\u00b7\u00a0\u00a0\u00a0\u00a0\u00a0\u00a0\u00a0 onemocn\u011bn\u00ed\u00a0 (nap\u0159. metabolick\u00e9 poruchy) a n\u011bkter\u00e9 l\u00e9ky\u00b7\u00a0\u00a0\u00a0\u00a0\u00a0\u00a0\u00a0 strava (tr\u00e1ven\u00ed n\u011bkter\u00fdch potravin)                                                                                                                                                                                                                                                                                                                                                                                        4\/5 - (7 votes)        "},{"@context":"https:\/\/schema.org\/","@type":"BreadcrumbList","itemListElement":[{"@type":"ListItem","position":1,"name":"Kdy\u017e mu\u017e nevon\u00ed","item":"https:\/\/www.aurielle.cz\/kdyz-muz-nevoni\/#breadcrumbitem"}]}]