[{"@context":"https:\/\/schema.org\/","@type":"Article","@id":"https:\/\/www.aurielle.cz\/modni-doplnek\/#Article","mainEntityOfPage":"https:\/\/www.aurielle.cz\/modni-doplnek\/","headline":"M\u00f3dn\u00ed dopln\u011bk","name":"M\u00f3dn\u00ed dopln\u011bk","description":"Cht\u011bli byste o\u017eivit sv\u016fj styl? Mnohdy sta\u010d\u00ed, kdy\u017e si k oby\u010dejn\u00e9mu oble\u010den\u00ed vezmete n\u011bjak\u00fd m\u00f3dn\u00ed dopln\u011bk a hned vypad\u00e1te celkov\u011b l\u00e9pe. D\u00e1msk\u00e9 ko\u017een\u00e9 kabelky V\u00e1m s t\u00edm mohou pomoct. Nav\u0161tivte na\u0161e internetov\u00e9 str\u00e1nky a vyberte si z na\u0161\u00ed pestr\u00e9 nab\u00eddky n\u011bjak\u00fd model. M\u00e1me pro V\u00e1s p\u0159ipravenou velikou nab\u00eddku model\u016f r\u016fzn\u00fdch velikost\u00ed a barev. Sna\u017e\u00edme se, [&hellip;]","datePublished":"2023-08-26","dateModified":"2023-08-26","author":{"@type":"Person","@id":"https:\/\/www.aurielle.cz\/author\/#Person","name":"","url":"https:\/\/www.aurielle.cz\/author\/","identifier":1,"image":{"@type":"ImageObject","@id":"https:\/\/secure.gravatar.com\/avatar\/091b4d684e9af597ec9885a078917281e353fb1084ff05c94355123dbb14e899?s=96&d=mm&r=g","url":"https:\/\/secure.gravatar.com\/avatar\/091b4d684e9af597ec9885a078917281e353fb1084ff05c94355123dbb14e899?s=96&d=mm&r=g","height":96,"width":96}},"publisher":{"@type":"Organization","name":"aurielle.cz","logo":{"@type":"ImageObject","@id":"\/logo.png","url":"\/logo.png","width":600,"height":60}},"url":"https:\/\/www.aurielle.cz\/modni-doplnek\/","wordCount":256,"articleBody":"Cht\u011bli byste o\u017eivit sv\u016fj styl? Mnohdy sta\u010d\u00ed, kdy\u017e si k oby\u010dejn\u00e9mu oble\u010den\u00ed vezmete n\u011bjak\u00fd m\u00f3dn\u00ed dopln\u011bk a hned vypad\u00e1te celkov\u011b l\u00e9pe. D\u00e1msk\u00e9 ko\u017een\u00e9 kabelky V\u00e1m s t\u00edm mohou pomoct. Nav\u0161tivte na\u0161e internetov\u00e9 str\u00e1nky a vyberte si z na\u0161\u00ed pestr\u00e9 nab\u00eddky n\u011bjak\u00fd model. M\u00e1me pro V\u00e1s p\u0159ipravenou velikou nab\u00eddku model\u016f r\u016fzn\u00fdch velikost\u00ed a barev. Sna\u017e\u00edme se, aby si u n\u00e1s vybral i ten nejn\u00e1ro\u010dn\u011bj\u0161\u00ed z\u00e1kazn\u00edk, proto V\u00e1m d\u00e1v\u00e1me na v\u00fdb\u011br z velk\u00e9ho mno\u017estv\u00ed zbo\u017e\u00ed. Hled\u00e1te n\u011bco elegantn\u00edho? Cht\u011bli byste n\u011bjakou men\u0161\u00ed variantu nebo pot\u0159ebujte v\u011bt\u0161\u00ed model, do kter\u00e9ho se vleze hodn\u011b v\u011bc\u00ed? U n\u00e1s naleznete od v\u0161eho kousek, nebojte.\tPrvot\u0159\u00eddn\u00ed kvalitaU n\u00e1s najdete jen to nejkvalitn\u011bj\u0161\u00ed zbo\u017e\u00ed. V\u0161echny modely jsou vyr\u00e1b\u011bny z prav\u00e9 k\u016f\u017ee, tak\u017ee se V\u00e1m m\u016f\u017eeme zaru\u010dit dlouhou \u017eivotnost\u00ed. Nav\u00edc tohle v\u0161echno m\u016f\u017eete m\u00edt za velice n\u00edzk\u00e9 ceny, tak na nic ne\u010dekejte. M\u00e1te ve sv\u00e9m okol\u00ed n\u011bjakou \u017eenu, kter\u00e9 pot\u0159ebujete sehnat d\u00e1rek? Vsa\u010fte na klasiku a kupte j\u00ed kabelku. Takov\u00fd d\u00e1rek jist\u011b pot\u011b\u0161\u00ed ka\u017edou \u017eenu. Objednejte si u n\u00e1s t\u0159eba hned. Cel\u00e1 objedn\u00e1vka V\u00e1m zabere p\u00e1r minut. Nikdy to nebylo jednodu\u0161\u0161\u00ed.                                                                                                                                                                                                                                                                                                                                                                                        4.2\/5 - (6 votes)        "},{"@context":"https:\/\/schema.org\/","@type":"BreadcrumbList","itemListElement":[{"@type":"ListItem","position":1,"name":"M\u00f3dn\u00ed dopln\u011bk","item":"https:\/\/www.aurielle.cz\/modni-doplnek\/#breadcrumbitem"}]}]