[{"@context":"https:\/\/schema.org\/","@type":"Article","@id":"https:\/\/www.aurielle.cz\/od-kdy-ridit\/#Article","mainEntityOfPage":"https:\/\/www.aurielle.cz\/od-kdy-ridit\/","headline":"Od kdy \u0159\u00eddit","name":"Od kdy \u0159\u00eddit","description":"Mysl\u00edte si, \u017ee by mlad\u00ed lid\u00e9 m\u011bli d\u011blat \u0159idi\u010d\u00e1k ihned v 18 letech? J\u00e1 m\u00e1m n\u011bkdy pocit, \u017ee sice je mo\u017en\u00e9 d\u011blat \u0159idi\u010d\u00e1k u\u017e i v 17 letech, ale j\u00e1 si mysl\u00edm, \u017ee n\u011bkte\u0159\u00ed kluci a holky prost\u011b \u010dekaj\u00ed, a\u017e je\u0161t\u011b trochu v\u00edc dosp\u011bj\u00ed a bude je to v\u00edc l\u00e1kat. P\u0159izn\u00e1m se, \u017ee j\u00e1 jsem [&hellip;]","datePublished":"2024-08-30","dateModified":"2024-08-30","author":{"@type":"Person","@id":"https:\/\/www.aurielle.cz\/author\/#Person","name":"","url":"https:\/\/www.aurielle.cz\/author\/","identifier":1,"image":{"@type":"ImageObject","@id":"https:\/\/secure.gravatar.com\/avatar\/091b4d684e9af597ec9885a078917281e353fb1084ff05c94355123dbb14e899?s=96&d=mm&r=g","url":"https:\/\/secure.gravatar.com\/avatar\/091b4d684e9af597ec9885a078917281e353fb1084ff05c94355123dbb14e899?s=96&d=mm&r=g","height":96,"width":96}},"publisher":{"@type":"Organization","name":"aurielle.cz","logo":{"@type":"ImageObject","@id":"\/logo.png","url":"\/logo.png","width":600,"height":60}},"image":{"@type":"ImageObject","@id":"https:\/\/www.aurielle.cz\/wp-content\/uploads\/audi_10_1.jpg","url":"https:\/\/www.aurielle.cz\/wp-content\/uploads\/audi_10_1.jpg","height":0,"width":0},"url":"https:\/\/www.aurielle.cz\/od-kdy-ridit\/","about":["Auto"],"wordCount":446,"articleBody":"Mysl\u00edte si, \u017ee by mlad\u00ed lid\u00e9 m\u011bli d\u011blat \u0159idi\u010d\u00e1k ihned v 18 letech? J\u00e1 m\u00e1m n\u011bkdy pocit, \u017ee sice je mo\u017en\u00e9 d\u011blat \u0159idi\u010d\u00e1k u\u017e i v 17 letech, ale j\u00e1 si mysl\u00edm, \u017ee n\u011bkte\u0159\u00ed kluci a holky prost\u011b \u010dekaj\u00ed, a\u017e je\u0161t\u011b trochu v\u00edc dosp\u011bj\u00ed a bude je to v\u00edc l\u00e1kat. P\u0159izn\u00e1m se, \u017ee j\u00e1 jsem v 18 letech \u0159idi\u010d\u00e1k nem\u011bla, proto\u017ee jsem ho cht\u011bla m\u00edt pozd\u011bji, nec\u00edtila jsem se na to a cht\u011bla jsem b\u00fdt p\u0159ipraven\u00e1. V 18 letech jsem na to ale p\u0159ipraven\u00e1 nebyla, ale mysl\u00edm si, \u017ee to ka\u017ed\u00fd \u010dlov\u011bk nebo ka\u017ed\u00fd dosp\u00edvaj\u00edc\u00ed pozn\u00e1 na sob\u011b. Z\u00e1le\u017e\u00ed tak\u00e9 na tom, jak to c\u00edt\u00edte, a v\u0161echno mus\u00edte v \u017eivot\u011b ud\u011blat tak, jak to c\u00edt\u00edte. J\u00e1 jsem to tak c\u00edtila, tak jsem \u0161la d\u011blat \u0159idi\u010d\u00e1k a\u017e ve sv\u00fdch 21 letech, kdy si mysl\u00edm, \u017ee ta v\u011bkov\u00e1 hranice je nejlep\u0161\u00ed. Mysl\u00edm si, \u017ee v\u011bkov\u011b je to naprosto super, proto\u017ee u\u017e se \u010dlov\u011bk st\u00e1v\u00e1 zodpov\u011bdn\u011bj\u0161\u00edm, a na silnic\u00edch je to potom tak\u00e9 odpov\u011bdn\u011bj\u0161\u00ed. Mysl\u00edm si, \u017ee mlad\u00ed lid\u00e9 mus\u00ed hodn\u011b dozr\u00e1t, aby v\u0161echno fungovalo mnohem l\u00e9pe. Samoz\u0159ejm\u011b ch\u00e1pu, \u017ee se ned\u00e1 v\u0161echno na silnic\u00edch zastavit, \u017ee hav\u00e1rku m\u016f\u017ee m\u00edt i zku\u0161en\u00fd \u0159idi\u010d, ale mysl\u00edm si, \u017ee p\u0159ipravenost na \u0159\u00edzen\u00ed p\u0159ich\u00e1z\u00ed a\u017e po 21 letech. Rozhodn\u011b je to v\u011bc ka\u017ed\u00e9ho, proto\u017ee kdo chce m\u00edt \u0159idi\u010d\u00e1k ihned v 18, tak klidn\u011b b\u011b\u017ete do toho. Z\u00e1le\u017e\u00ed na p\u0159ipravenosti, proto\u017ee j\u00e1 si mysl\u00edm, \u017ee bych na to je\u0161t\u011b v 18 letech nebyla p\u0159ipraven\u00e1. Kdo m\u00e1 takovou v\u00fdhodu a je p\u0159ipraven\u00fd, tomu moc gratuluji, proto\u017ee je to skv\u011bl\u00e9 a m\u016f\u017eete ihned po \u0161kole za\u010d\u00edt jezdit. A pokud v\u00e1m rodi\u010de koup\u00ed auto, je to naprosto skv\u011bl\u00e9, proto\u017ee pak m\u016f\u017eete jezdit kamkoliv a v klidu si t\u0159eba j\u00edt na brig\u00e1du. M\u016f\u017eete rozhodn\u011b pomoci i va\u0161\u00edm rodi\u010d\u016fm, proto\u017ee i ty m\u016f\u017eete v klidu kdykoliv zav\u00e9st n\u011bkam kam budou pot\u0159ebovat. V\u011b\u0159te, \u017ee takovou pomoc od v\u00e1s budou pot\u0159ebovat, a je\u0161t\u011b na v\u00e1s budou hrd\u00ed s t\u00edm, \u017ee kone\u010dn\u011b \u0159\u00edd\u00edte auto. Ud\u011bl\u00e1te radost jak sami sob\u011b, tak i rodin\u011b. Tak se toho nebojte.                                                                                                                                                                                                                                                                                                                                                                                        3.8\/5 - (14 votes)        "},{"@context":"https:\/\/schema.org\/","@type":"BreadcrumbList","itemListElement":[{"@type":"ListItem","position":1,"name":"Od kdy \u0159\u00eddit","item":"https:\/\/www.aurielle.cz\/od-kdy-ridit\/#breadcrumbitem"}]}]