[{"@context":"https:\/\/schema.org\/","@type":"Article","@id":"https:\/\/www.aurielle.cz\/prijemne-chvile-stravene-v-obyvaku\/#Article","mainEntityOfPage":"https:\/\/www.aurielle.cz\/prijemne-chvile-stravene-v-obyvaku\/","headline":"P\u0159\u00edjemn\u00e9 chv\u00edle str\u00e1ven\u00e9 v ob\u00fdv\u00e1ku","name":"P\u0159\u00edjemn\u00e9 chv\u00edle str\u00e1ven\u00e9 v ob\u00fdv\u00e1ku","description":"Ob\u00fdvac\u00ed pokoj je m\u00edstnost, ve kter\u00e9 by se m\u011bl c\u00edtit ka\u017ed\u00fd \u010dlen dom\u00e1cnosti dob\u0159e. Pokud tomu tak nen\u00ed, tak m\u016f\u017eete dosti mo\u017en\u00e1 hledat p\u0159\u00ed\u010dinu i pr\u00e1v\u011b v nespr\u00e1vn\u011b zvolen\u00e9 sedac\u00ed souprav\u011b. Pokud se toti\u017e do tohoto interi\u00e9ru nehod\u00ed, vypad\u00e1 nep\u011bkn\u011b, nen\u00ed komfortn\u00ed a tak podobn\u011b, tak je jist\u00e9, \u017ee se nebudete c\u00edtit dob\u0159e. Skv\u011ble svou [&hellip;]","datePublished":"2024-04-24","dateModified":"2024-04-24","author":{"@type":"Person","@id":"https:\/\/www.aurielle.cz\/author\/#Person","name":"","url":"https:\/\/www.aurielle.cz\/author\/","identifier":1,"image":{"@type":"ImageObject","@id":"https:\/\/secure.gravatar.com\/avatar\/091b4d684e9af597ec9885a078917281e353fb1084ff05c94355123dbb14e899?s=96&d=mm&r=g","url":"https:\/\/secure.gravatar.com\/avatar\/091b4d684e9af597ec9885a078917281e353fb1084ff05c94355123dbb14e899?s=96&d=mm&r=g","height":96,"width":96}},"publisher":{"@type":"Organization","name":"aurielle.cz","logo":{"@type":"ImageObject","@id":"\/logo.png","url":"\/logo.png","width":600,"height":60}},"url":"https:\/\/www.aurielle.cz\/prijemne-chvile-stravene-v-obyvaku\/","wordCount":230,"articleBody":"Ob\u00fdvac\u00ed pokoj je m\u00edstnost, ve kter\u00e9 by se m\u011bl c\u00edtit ka\u017ed\u00fd \u010dlen dom\u00e1cnosti dob\u0159e. Pokud tomu tak nen\u00ed, tak m\u016f\u017eete dosti mo\u017en\u00e1 hledat p\u0159\u00ed\u010dinu i pr\u00e1v\u011b v nespr\u00e1vn\u011b zvolen\u00e9 sedac\u00ed souprav\u011b. Pokud se toti\u017e do tohoto interi\u00e9ru nehod\u00ed, vypad\u00e1 nep\u011bkn\u011b, nen\u00ed komfortn\u00ed a tak podobn\u011b, tak je jist\u00e9, \u017ee se nebudete c\u00edtit dob\u0159e. Skv\u011ble svou funkci zastane ale pr\u00e1v\u011b skv\u011bl\u00e1 pohovka, kter\u00e1 je opravdu dobrou volbou do ka\u017ed\u00e9ho interi\u00e9ru. Zaujme v\u00e1s nejenom sv\u00fdm luxusn\u00edm a modern\u00edm vzhledem, ale tak\u00e9 svou nad\u010dasovost\u00ed a rozhodn\u011b zaj\u00edmav\u00fdm designem. Bude se tedy hodit i pr\u00e1v\u011b do va\u0161eho interi\u00e9ru, t\u00edm si m\u016f\u017eete b\u00fdt jisti.Kvalita je d\u016fle\u017eit\u00e1Pokud tedy pohovka zv\u00edt\u011bzila a chcete si tak\u00e9 n\u011bjakou po\u0159\u00eddit, tak dbejte p\u0159edev\u0161\u00edm na kvalitu. Ta je opravdu d\u016fle\u017eit\u00e1, proto rozhodn\u011b nev\u00e1hejte a vyb\u00edrejte z takov\u00fdch variant, kter\u00e9 budou vypadat nejenom skv\u011ble, ale kter\u00e9 budou tak\u00e9 kvalitn\u011b zpracovan\u00e9, vyroben\u00e9 z prvot\u0159\u00eddn\u00edho materi\u00e1lu a kter\u00e9 v\u00e1m v tak perfektn\u00edm stavu vydr\u017e\u00ed t\u0159eba i za patn\u00e1ct let. Pokud zohledn\u00edte v\u0161echny tyto aspekty, tak budete ze sv\u00e9 koup\u011b naprosto nad\u0161eni.                                                                                                                                                                                                                                                                                                                                                                                        4.2\/5 - (8 votes)        "},{"@context":"https:\/\/schema.org\/","@type":"BreadcrumbList","itemListElement":[{"@type":"ListItem","position":1,"name":"P\u0159\u00edjemn\u00e9 chv\u00edle str\u00e1ven\u00e9 v ob\u00fdv\u00e1ku","item":"https:\/\/www.aurielle.cz\/prijemne-chvile-stravene-v-obyvaku\/#breadcrumbitem"}]}]