[{"@context":"https:\/\/schema.org\/","@type":"Article","@id":"https:\/\/www.aurielle.cz\/sidlo-spolecnosti-muzete-mit-i-kdyz-jste-nenasli-vhodne-prostory-jak\/#Article","mainEntityOfPage":"https:\/\/www.aurielle.cz\/sidlo-spolecnosti-muzete-mit-i-kdyz-jste-nenasli-vhodne-prostory-jak\/","headline":"S\u00eddlo spole\u010dnosti m\u016f\u017eete m\u00edt, i kdy\u017e jste nena\u0161li vhodn\u00e9 prostory &#8211; Jak?","name":"S\u00eddlo spole\u010dnosti m\u016f\u017eete m\u00edt, i kdy\u017e jste nena\u0161li vhodn\u00e9 prostory &#8211; Jak?","description":"Ka\u017ed\u00e1 firma samoz\u0159ejm\u011b pot\u0159ebuje sv\u00e9 s\u00eddlo, bez ohledu na to, v jak\u00e9m zam\u011b\u0159en\u00ed podnik\u00e1te. Nem\u00e1te sv\u00e9 s\u00eddlo? Pak ho budete pot\u0159ebovat. Kde naj\u00edt? S\u00eddlo spole\u010dnosti m\u016f\u017eete m\u00edt, i kdy\u017e jste nena\u0161li vhodn\u00e9 prostory &#8211; Jak? Hled\u00e1te ji\u017e dlouho, ale st\u00e1le se v\u00e1m nepoda\u0159ilo naj\u00edt vhodn\u00e9 prostory pro svou firmu? I kdy\u017e nebudete pot\u0159ebovat pou\u017e\u00edvat kancel\u00e1\u0159 [&hellip;]","datePublished":"2022-12-26","dateModified":"2023-04-30","author":{"@type":"Person","@id":"https:\/\/www.aurielle.cz\/author\/#Person","name":"","url":"https:\/\/www.aurielle.cz\/author\/","identifier":1,"image":{"@type":"ImageObject","@id":"https:\/\/secure.gravatar.com\/avatar\/091b4d684e9af597ec9885a078917281e353fb1084ff05c94355123dbb14e899?s=96&d=mm&r=g","url":"https:\/\/secure.gravatar.com\/avatar\/091b4d684e9af597ec9885a078917281e353fb1084ff05c94355123dbb14e899?s=96&d=mm&r=g","height":96,"width":96}},"publisher":{"@type":"Organization","name":"aurielle.cz","logo":{"@type":"ImageObject","@id":"\/logo.png","url":"\/logo.png","width":600,"height":60}},"image":{"@type":"ImageObject","@id":"https:\/\/www.aurielle.cz\/wp-content\/uploads\/ux-788002__340.jpg","url":"https:\/\/www.aurielle.cz\/wp-content\/uploads\/ux-788002__340.jpg","height":0,"width":0},"url":"https:\/\/www.aurielle.cz\/sidlo-spolecnosti-muzete-mit-i-kdyz-jste-nenasli-vhodne-prostory-jak\/","about":["Www"],"wordCount":502,"articleBody":"       Ka\u017ed\u00e1 firma samoz\u0159ejm\u011b pot\u0159ebuje sv\u00e9 s\u00eddlo, bez ohledu na to, v jak\u00e9m zam\u011b\u0159en\u00ed podnik\u00e1te. Nem\u00e1te sv\u00e9 s\u00eddlo? Pak ho budete pot\u0159ebovat. Kde naj\u00edt? S\u00eddlo spole\u010dnosti m\u016f\u017eete m\u00edt, i kdy\u017e jste nena\u0161li vhodn\u00e9 prostory &#8211; Jak? Hled\u00e1te ji\u017e dlouho, ale st\u00e1le se v\u00e1m nepoda\u0159ilo naj\u00edt vhodn\u00e9 prostory pro svou firmu? I kdy\u017e nebudete pot\u0159ebovat pou\u017e\u00edvat kancel\u00e1\u0159 nebo zasedac\u00ed m\u00edstnost denn\u011b, i kdy\u017e budete po\u0159\u00e1d n\u011bkde v ter\u00e9nu nebo naopak budete pracovat doma z po\u010d\u00edta\u010de, pokud chcete svou firmu \u0159\u00e1dn\u011b zapsat do obchodn\u00edho rejst\u0159\u00edku, co\u017e samoz\u0159ejm\u011b i ze z\u00e1kona ud\u011blat mus\u00edte, budete pot\u0159ebovat s\u00eddlo firmy. P\u0159ijde v\u00e1m, \u017ee jsou ale v\u0161echny prostory p\u0159\u00edli\u0161 drah\u00e9? Obra\u0165te se na spole\u010dnost, kter\u00e1 va\u0161i situaci dok\u00e1\u017ee vy\u0159e\u0161it hrav\u011b. S\u00eddlo firmy u\u017e hledat nemus\u00edte Nejlevn\u011bj\u0161\u00ed s\u00eddlo firmy Praha m\u016f\u017ee vy\u0159e\u0161it bez probl\u00e9m\u016f a stresu v\u0161echny va\u0161e starost. Pronajmout si m\u016f\u017eete, jak kancel\u00e1\u0159e, tak zasedac\u00ed m\u00edstnost, ale tak\u00e9 svou virtu\u00e1ln\u00ed kancel\u00e1\u0159, sv\u00e9 virtu\u00e1ln\u00ed s\u00eddlo. Pokud pot\u0159ebujete skute\u010dn\u011b prostory vyu\u017e\u00edt jen kv\u016fli z\u00e1pisu do obchodn\u00edho rejst\u0159\u00edku, nemus\u00edte m\u00edt pronajat\u00e9 prostory, kde bude pot\u0159eba platit tak\u00e9 n\u00e1klady spojen\u00e9 s energiemi. Pro z\u00e1pis do obchodn\u00edho rejst\u0159\u00edku ale s\u00eddlo firmy pot\u0159ebovat budete. M\u016f\u017eete to tedy vy\u0159e\u0161it leg\u00e1ln\u011b a bez probl\u00e9m\u016f t\u00edmto zp\u016fsobem. Spole\u010dnosti, kter\u00e9 se na tyto pron\u00e1jmy zam\u011b\u0159uj\u00ed, v\u00e1m ale jsou schopny pronajmout velmi rychle i opravdov\u00e9 prostory, kter\u00e9 se daj\u00ed vyu\u017e\u00edt r\u016fzn\u011b. Pro ka\u017edodenn\u00ed pou\u017e\u00edv\u00e1n\u00ed, pro ob\u010dasn\u00e9 sch\u016fzky a porady nebo t\u0159eba jako sklad pro dokumenty, po\u0161tu a smlouvy. Mo\u017enost\u00ed je hodn\u011b. V\u0161echno z\u00edsk\u00e1te ale velmi rychle a za rozumnou cenu. Jak to funguje virtu\u00e1ln\u011b? Pokud budete m\u00edt pronajat\u00e9 pouze virtu\u00e1ln\u00ed s\u00eddlo firmy, nemus\u00edte se ob\u00e1vat toho, \u017ee by k v\u00e1m nedo\u0161la po\u0161ta, kterou budete dost\u00e1vat pr\u00e1v\u011b na tuto adresu. Adresa je toti\u017e samoz\u0159ejm\u011b skute\u010dn\u00e1, o v\u0161echno bude postar\u00e1no. O p\u0159\u00edchoz\u00ed po\u0161t\u011b mus\u00edte b\u00fdt ihned informov\u00e1n\u00ed, po\u0161ta se pak naskenuje a ode\u0161le nebo si pro v\u011bt\u0161\u00ed z\u00e1silky budete moci p\u0159ijet. V\u017edy je to velmi rychl\u00e9, nic nezme\u0161k\u00e1te. Virtu\u00e1ln\u00ed s\u00eddla pak slou\u017e\u00ed zejm\u00e9na k tomu, aby bylo v\u0161echno spr\u00e1vn\u011b o\u0161et\u0159eno, s\u00eddlo firmy v obchodn\u00edm rejst\u0159\u00edku v\u017edy zaps\u00e1no b\u00fdt mus\u00ed. Zda budete pot\u0159ebovat i fyzicky vyu\u017e\u00edvat s\u00eddlo firmy, je jen na v\u00e1s. Odv\u00edj\u00ed se to i od toho, jak a v \u010dem podnik\u00e1te.                                                                                                                                                                                                                                                                                                                                                                                           4.9\/5 - (7 votes)        "},{"@context":"https:\/\/schema.org\/","@type":"BreadcrumbList","itemListElement":[{"@type":"ListItem","position":1,"name":"S\u00eddlo spole\u010dnosti m\u016f\u017eete m\u00edt, i kdy\u017e jste nena\u0161li vhodn\u00e9 prostory &#8211; Jak?","item":"https:\/\/www.aurielle.cz\/sidlo-spolecnosti-muzete-mit-i-kdyz-jste-nenasli-vhodne-prostory-jak\/#breadcrumbitem"}]}]