[{"@context":"https:\/\/schema.org\/","@type":"Article","@id":"https:\/\/www.aurielle.cz\/snadno-opravime-co-nam-zima-pokazila\/#Article","mainEntityOfPage":"https:\/\/www.aurielle.cz\/snadno-opravime-co-nam-zima-pokazila\/","headline":"Snadno oprav\u00edme, co n\u00e1m zima pokazila","name":"Snadno oprav\u00edme, co n\u00e1m zima pokazila","description":"Jaro je obdob\u00edm, kdy se probouz\u00ed nejen p\u0159\u00edroda, ale tak\u00e9 na\u0161e touha d\u00e1t po zim\u011b op\u011bt v\u0161e do perfektn\u00edho po\u0159\u00e1dku. Pot\u00e9, co se dokon\u010d\u00ed tradi\u010dn\u00ed jarn\u00ed \u00faklid, nast\u00e1v\u00e1 \u010das oprav a renovac\u00ed. Nejv\u00edce asi p\u0159es zimu utrp\u011bl zahradn\u00ed n\u00e1bytek, kter\u00fd nebylo mo\u017en\u00e9 p\u0159ed nep\u0159\u00edzn\u00ed zimn\u00edho obdob\u00ed uklidit. \u00a7\u00a0 Jak se tedy vypo\u0159\u00e1dat s vlivy p\u0159\u00edrody, [&hellip;]","datePublished":"2025-02-28","dateModified":"2023-04-30","author":{"@type":"Person","@id":"https:\/\/www.aurielle.cz\/author\/#Person","name":"","url":"https:\/\/www.aurielle.cz\/author\/","identifier":1,"image":{"@type":"ImageObject","@id":"https:\/\/secure.gravatar.com\/avatar\/091b4d684e9af597ec9885a078917281e353fb1084ff05c94355123dbb14e899?s=96&d=mm&r=g","url":"https:\/\/secure.gravatar.com\/avatar\/091b4d684e9af597ec9885a078917281e353fb1084ff05c94355123dbb14e899?s=96&d=mm&r=g","height":96,"width":96}},"publisher":{"@type":"Organization","name":"aurielle.cz","logo":{"@type":"ImageObject","@id":"\/logo.png","url":"\/logo.png","width":600,"height":60}},"image":{"@type":"ImageObject","@id":"https:\/\/www.aurielle.cz\/wp-content\/uploads\/img_a334985_w2770_t1548431068.jpg","url":"https:\/\/www.aurielle.cz\/wp-content\/uploads\/img_a334985_w2770_t1548431068.jpg","height":0,"width":0},"url":"https:\/\/www.aurielle.cz\/snadno-opravime-co-nam-zima-pokazila\/","wordCount":415,"articleBody":"Jaro je obdob\u00edm, kdy se probouz\u00ed nejen p\u0159\u00edroda, ale tak\u00e9 na\u0161e touha d\u00e1t po zim\u011b op\u011bt v\u0161e do perfektn\u00edho po\u0159\u00e1dku. Pot\u00e9, co se dokon\u010d\u00ed tradi\u010dn\u00ed jarn\u00ed \u00faklid, nast\u00e1v\u00e1 \u010das oprav a renovac\u00ed. Nejv\u00edce asi p\u0159es zimu utrp\u011bl zahradn\u00ed n\u00e1bytek, kter\u00fd nebylo mo\u017en\u00e9 p\u0159ed nep\u0159\u00edzn\u00ed zimn\u00edho obdob\u00ed uklidit.\u00a7\u00a0 Jak se tedy vypo\u0159\u00e1dat s vlivy p\u0159\u00edrody, kter\u00e9 zanechaly na na\u0161em zahradn\u00edm posezen\u00ed u\u017e z d\u00e1lky viditeln\u00e9 stopy?o\u00a0\u00a0 Jednodu\u0161e.o\u00a0\u00a0 Prost\u011b obnov\u00edme p\u016fvodn\u00ed d\u0159evo.Na o\u0161et\u0159en\u00ed povrch\u016f vyb\u00edr\u00e1me sp\u00ed\u0161e ty p\u0159\u00edpravky, kter\u00e9 budou v n\u00e1ro\u010dn\u00e9m venkovn\u00edm prost\u0159ed\u00ed chr\u00e1nit n\u00e1\u0161 majetek p\u0159ed vlhkem a p\u0159\u00edrodn\u00ed vzhled d\u0159eva zakonzervuj\u00ed. P\u0159i v\u00fdb\u011bru je zapot\u0159eb\u00ed br\u00e1t z\u0159etel na to, jak moc je zahradn\u00ed n\u00e1bytek vystaven pov\u011btrnostn\u00edm vliv\u016fm i p\u016fsoben\u00ed UV z\u00e1\u0159en\u00ed.\u00a7\u00a0 Stejn\u00e9 po\u017eadavky jist\u011b nebude m\u00edt n\u00e1bytek pod krytou pergolou a ten, kter\u00fd stoj\u00ed na voln\u00e9m prostranstv\u00ed.Nejprve je nutn\u00e9 d\u0159evo vhodn\u00fdm zp\u016fsobem o\u010distit a pot\u00e9 o\u0161et\u0159it. Rozhodn\u011b se neob\u00e1vejte n\u011bjak\u00fdch slo\u017eit\u00fdch postup\u016f.&#8211;\u00a0\u00a0\u00a0\u00a0\u00a0\u00a0\u00a0\u00a0 Pokud je povrch zasa\u017een v\u00edce, pak to bude cht\u00edt hlub\u0161\u00ed brou\u0161en\u00ed. &#8211;\u00a0\u00a0\u00a0\u00a0\u00a0\u00a0\u00a0\u00a0 U lehk\u00e9ho po\u0161kozen\u00ed posta\u010d\u00ed jemn\u011bj\u0161\u00ed brusn\u00fd pap\u00edr.\tHlub\u0161\u00ed r\u00e1ny cht\u011bj\u00ed elektrick\u00e9 n\u00e1\u0159ad\u00edPokud je v\u00e1\u0161 st\u016fl \u201eporan\u011bn\u201c v\u00edce do hloubky, pak je dobr\u00e9 s\u00e1hnout po elektrick\u00e9m n\u00e1\u0159ad\u00ed.\u00a7\u00a0 Na vrta\u010dku se instaluje gumov\u00fd kotou\u010d, na kter\u00fd se pomoc\u00ed such\u00e9ho zipu p\u0159ipnou le\u0161t\u00edc\u00ed kotou\u010de nebo brusn\u00e9 pap\u00edry.\u00a7\u00a0 Po brou\u0161en\u00ed je zapot\u0159eb\u00ed d\u0159evo zbavit ve\u0161ker\u00e9ho prachu.&#8211;\u00a0\u00a0\u00a0\u00a0\u00a0\u00a0\u00a0\u00a0 Na to se nejl\u00e9pe hod\u00ed vysava\u010d nebo kompresor.O\u0161et\u0159it d\u0159evo m\u016f\u017eete voskov\u00fdm n\u00e1t\u011brem. Vosk pronikne p\u0159\u00edmo do d\u0159eva a ponech\u00e1 mu jeho p\u0159\u00edrodn\u00ed vzhled. Le\u0161t\u011bnky, r\u016fzn\u00e9 politury nebo spreje d\u0159evo ale o\u017eiv\u00ed jen kr\u00e1tkodob\u011b. Je tedy pot\u0159eba s\u00e1hnout po speci\u00e1ln\u00edch p\u0159\u00edpravc\u00edch, kter\u00e9 jsou p\u0159\u00edmo ur\u010den\u00e9 pro zahradn\u00ed n\u00e1bytek. Pokud jste vyu\u017eili le\u0161t\u00edc\u00ed kotou\u010de nebo tal\u00ed\u0159e na brusky a vrta\u010dky, pak je m\u016f\u017eete pou\u017e\u00edt i na o\u017eiven\u00ed automobilov\u00fdch lak\u016f.                                                                                                                                                                                                                                                                                                                                                                                        3.8\/5 - (5 votes)        "},{"@context":"https:\/\/schema.org\/","@type":"BreadcrumbList","itemListElement":[{"@type":"ListItem","position":1,"name":"Snadno oprav\u00edme, co n\u00e1m zima pokazila","item":"https:\/\/www.aurielle.cz\/snadno-opravime-co-nam-zima-pokazila\/#breadcrumbitem"}]}]