[{"@context":"https:\/\/schema.org\/","@type":"Article","@id":"https:\/\/www.aurielle.cz\/zeny-jsou-v-cechach-stale-placeny-hure-nez-muzi\/#Article","mainEntityOfPage":"https:\/\/www.aurielle.cz\/zeny-jsou-v-cechach-stale-placeny-hure-nez-muzi\/","headline":"\u017deny jsou v \u010cech\u00e1ch st\u00e1le placeny h\u016f\u0159e ne\u017e mu\u017ei","name":"\u017deny jsou v \u010cech\u00e1ch st\u00e1le placeny h\u016f\u0159e ne\u017e mu\u017ei","description":"Ka\u017ed\u00fd rok, posledn\u00edch dev\u011bt let prob\u00edh\u00e1 v Praze vzd\u011bl\u00e1vac\u00ed konference Equal Pay Day. Stejn\u011b tak se ka\u017ed\u00fd rok m\u016f\u017eete zamyslet nad sv\u00fdm p\u0159\u00edjmem v Den platov\u00e9 rovnosti, kter\u00fd byl letos 20. b\u0159ezna. Na zm\u00edn\u011bn\u00e9 konferenci se p\u0159edstavuj\u00ed \u017eeny, kter\u00e9 p\u016fsob\u00ed na vysok\u00fdch pracovn\u00edch postech a jsou podle toho tak\u00e9 placeny. V r\u00e1mci konference vzd\u011bl\u00e1vaj\u00ed dal\u0161\u00ed [&hellip;]","datePublished":"2025-02-27","dateModified":"2023-04-30","author":{"@type":"Person","@id":"https:\/\/www.aurielle.cz\/author\/#Person","name":"","url":"https:\/\/www.aurielle.cz\/author\/","identifier":1,"image":{"@type":"ImageObject","@id":"https:\/\/secure.gravatar.com\/avatar\/091b4d684e9af597ec9885a078917281e353fb1084ff05c94355123dbb14e899?s=96&d=mm&r=g","url":"https:\/\/secure.gravatar.com\/avatar\/091b4d684e9af597ec9885a078917281e353fb1084ff05c94355123dbb14e899?s=96&d=mm&r=g","height":96,"width":96}},"publisher":{"@type":"Organization","name":"aurielle.cz","logo":{"@type":"ImageObject","@id":"\/logo.png","url":"\/logo.png","width":600,"height":60}},"image":{"@type":"ImageObject","@id":"https:\/\/www.aurielle.cz\/wp-content\/uploads\/img_a327372_w2600_t1539666006.jpg","url":"https:\/\/www.aurielle.cz\/wp-content\/uploads\/img_a327372_w2600_t1539666006.jpg","height":0,"width":0},"url":"https:\/\/www.aurielle.cz\/zeny-jsou-v-cechach-stale-placeny-hure-nez-muzi\/","wordCount":463,"articleBody":"Ka\u017ed\u00fd rok, posledn\u00edch dev\u011bt let prob\u00edh\u00e1 v Praze vzd\u011bl\u00e1vac\u00ed konference Equal Pay Day. Stejn\u011b tak se ka\u017ed\u00fd rok m\u016f\u017eete zamyslet nad sv\u00fdm p\u0159\u00edjmem v Den platov\u00e9 rovnosti, kter\u00fd byl letos 20. b\u0159ezna. Na zm\u00edn\u011bn\u00e9 konferenci se p\u0159edstavuj\u00ed \u017eeny, kter\u00e9 p\u016fsob\u00ed na vysok\u00fdch pracovn\u00edch postech a jsou podle toho tak\u00e9 placeny. V r\u00e1mci konference vzd\u011bl\u00e1vaj\u00ed dal\u0161\u00ed \u017eeny i mu\u017ee, jak se chovat k zam\u011bstnan\u00fdm \u017een\u00e1m, motivovat je k p\u0159echodu na vy\u0161\u0161\u00ed pracovn\u00ed m\u00edsto a zajistit jim stejn\u00e9 mzdov\u00e9 podm\u00ednky, kter\u00e9 maj\u00ed mu\u017ei.\u00a0M\u016f\u017ee se zd\u00e1t, \u017ee se v posledn\u00edch letech rozd\u00edly mezi mu\u017ei a \u017eenami v zam\u011bstn\u00e1n\u00ed t\u00e9m\u011b\u0159 smazaly. Z pr\u016fzkum\u016f ov\u0161em vypl\u00fdv\u00e1, \u017ee rozd\u00edl mezi platy \u017eensk\u00e9ho a mu\u017esk\u00e9ho pohlav\u00ed je t\u00e9m\u011b\u0159 22 procent. To je druh\u00fd nejv\u011bt\u0161\u00ed rozd\u00edl v r\u00e1mci zem\u00ed EU. Je ale opravdu vina pouze na stran\u011b zam\u011bstnavatel\u016f, kte\u0159\u00ed up\u0159ednost\u0148uj\u00ed mu\u017ee tak, jak to bylo po cel\u00e1 stalet\u00ed?\u00a0\tN\u00edzk\u00e9 sebev\u011bdom\u00ed je d\u016fle\u017eit\u00fd faktorJste-li \u017eena, tak si sama odpov\u011bzte, zda byste v p\u0159\u00edpad\u011b finan\u010dn\u00edho ohodnocen\u00ed p\u0159ed zam\u011bstnavatelem vystupovala tak sebev\u011bdom\u011b jako mu\u017e. Jste schopn\u00e1 si \u0159\u00edci o takovou mzdu, kter\u00e1 skute\u010dn\u011b odpov\u00edd\u00e1 va\u0161im schopnostem a zku\u0161enostem?\u00a0Podle \u0159ady \u010desk\u00fdch zam\u011bstnavatel\u016f se \u017eeny ost\u00fdchaj\u00ed \u0159\u00edci si o vy\u0161\u0161\u00ed plat \u010di vy\u0161\u0161\u00ed odm\u011bny. M\u016f\u017ee to b\u00fdt t\u00edm, \u017ee jednodu\u0161e nev\u011b\u0159\u00ed sv\u00fdch schopnostem, ale tak\u00e9 tomu, \u017ee ji\u017e stovky let byly \u017eeny pova\u017eov\u00e1ny za n\u011bco m\u00e9n\u011bcenn\u00e9ho. Mo\u017en\u00e1 to maj\u00ed v jist\u00e9m smyslu st\u00e1le zak\u00f3dovan\u00e9 v mysli, a proto nep\u016fsob\u00ed tak sebev\u011bdom\u011b. Takov\u00fd p\u0159\u00edstup je ov\u0161em nutn\u00fd potla\u010dit. Jak jinak bychom se k rovnosti pohlav\u00ed mohli p\u0159ibl\u00ed\u017eit, kdy\u017e nezm\u011bn\u00edme sv\u00e9 my\u0161len\u00ed?\u00a0\tProbl\u00e9mem je i rodi\u010dovsk\u00e1 dovolen\u00e1K rozd\u00edlu mezi platem mu\u017ee a \u017eeny doch\u00e1z\u00ed ve chv\u00edli, kdy zam\u011bstnanec odejde na rodi\u010dovskou dovolenou, a to bez ohledu na jeho pohlav\u00ed. D\u00edky mate\u0159sk\u00e9 \u010di rodi\u010dovsk\u00e9 dovolen\u00e9 je zam\u011bstnanec dlouho mimo proces ka\u017edoro\u010dn\u00edho hodnocen\u00ed v\u00fdkonu a tak\u00e9 mimo pravideln\u00e9 navy\u0161ov\u00e1n\u00ed platu. \u00a0Pr\u00e1v\u011b z toho d\u016fvodu v posledn\u00edch letech rodi\u010de vyu\u017e\u00edvaj\u00ed mo\u017enosti brig\u00e1d \u010di zkr\u00e1cen\u00e9ho \u00favazku ji\u017e b\u011bhem rodi\u010dovsk\u00e9 dovolen\u00e9. A tak\u00e9 z toho d\u016fvodu se jich velk\u00e9 mno\u017estv\u00ed vrac\u00ed do pr\u00e1ce d\u0159\u00edve ne\u017e je v \u010cech\u00e1ch b\u011b\u017en\u00e9.                                                                                                                                                                                                                                                                                                                                                                                        4.1\/5 - (14 votes)        "},{"@context":"https:\/\/schema.org\/","@type":"BreadcrumbList","itemListElement":[{"@type":"ListItem","position":1,"name":"\u017deny jsou v \u010cech\u00e1ch st\u00e1le placeny h\u016f\u0159e ne\u017e mu\u017ei","item":"https:\/\/www.aurielle.cz\/zeny-jsou-v-cechach-stale-placeny-hure-nez-muzi\/#breadcrumbitem"}]}]